{"id":37024,"date":"2023-03-09T18:32:24","date_gmt":"2023-03-09T17:32:24","guid":{"rendered":"https:\/\/planete-decouverte.fr\/blog\/?p=37024"},"modified":"2023-03-09T18:38:47","modified_gmt":"2023-03-09T17:38:47","slug":"grand-voyage-dans-les-pays-celtes","status":"publish","type":"post","link":"https:\/\/planete-decouverte.fr\/blog\/grand-voyage-dans-les-pays-celtes\/","title":{"rendered":"Grand voyage dans les pays celtes!"},"content":{"rendered":"<figure id=\"attachment_37025\" aria-describedby=\"caption-attachment-37025\" style=\"width: 900px\" class=\"wp-caption aligncenter\"><a href=\"https:\/\/planete-decouverte.fr\/-Grand-voyage-dans-les-pays-celtes-570-\" target=\"_blank\" rel=\"noopener\"><img loading=\"lazy\" decoding=\"async\" class=\"wp-image-37025 size-full\" src=\"https:\/\/planete-decouverte.fr\/blog\/wp-content\/uploads\/2023\/03\/chateau-eilean-en-ecosse-2.jpg\" alt=\"Chateau Eilean en Ecosse\" width=\"900\" height=\"500\" srcset=\"https:\/\/planete-decouverte.fr\/blog\/wp-content\/uploads\/2023\/03\/chateau-eilean-en-ecosse-2.jpg 900w, https:\/\/planete-decouverte.fr\/blog\/wp-content\/uploads\/2023\/03\/chateau-eilean-en-ecosse-2-300x167.jpg 300w, https:\/\/planete-decouverte.fr\/blog\/wp-content\/uploads\/2023\/03\/chateau-eilean-en-ecosse-2-768x427.jpg 768w\" sizes=\"auto, (max-width: 900px) 100vw, 900px\" \/><\/a><figcaption id=\"caption-attachment-37025\" class=\"wp-caption-text\">Chateau Eilean en Ecosse<\/figcaption><\/figure>\n<p>&nbsp;<\/p>\n<h1 style=\"text-align: center\"><a href=\"https:\/\/planete-decouverte.fr\/-Grand-voyage-dans-les-pays-celtes-570-\" target=\"_blank\" rel=\"noopener\">Grand voyage dans les pays celtes!<\/a><\/h1>\n<p>&nbsp;<\/p>\n<p>Partir voyager dans les pays celtes est une excellente id\u00e9e et notre circuit \u00ab\u00a0<a href=\"https:\/\/planete-decouverte.fr\/-Grand-voyage-dans-les-pays-celtes-570-\" target=\"_blank\" rel=\"noopener\">Grand voyage dans les pays celtes\u00a0<\/a>\u00bb vous le d\u00e9montrera. Mais au fait, c\u2019est quoi un pays celte et c\u2019est quoi \u00eatre Celtes\u00a0?<\/p>\n<figure id=\"attachment_37026\" aria-describedby=\"caption-attachment-37026\" style=\"width: 397px\" class=\"wp-caption alignleft\"><a href=\"https:\/\/www.tcd.ie\/library\/old-library\/\" target=\"_blank\" rel=\"noopener\"><img loading=\"lazy\" decoding=\"async\" class=\"wp-image-37026 \" src=\"https:\/\/planete-decouverte.fr\/blog\/wp-content\/uploads\/2023\/03\/old-library-trinity-c5ecd-300x176.jpg\" alt=\"Old library Trinity \u00e0 Dublin\" width=\"397\" height=\"233\" srcset=\"https:\/\/planete-decouverte.fr\/blog\/wp-content\/uploads\/2023\/03\/old-library-trinity-c5ecd-300x176.jpg 300w, https:\/\/planete-decouverte.fr\/blog\/wp-content\/uploads\/2023\/03\/old-library-trinity-c5ecd.jpg 400w\" sizes=\"auto, (max-width: 397px) 100vw, 397px\" \/><\/a><figcaption id=\"caption-attachment-37026\" class=\"wp-caption-text\">Old library Trinity \u00e0 Dublin<\/figcaption><\/figure>\n<p>Historiquement, les Celtes sont assez mal connus, car les Druides (classe sacerdotale) et les Bardes (po\u00e8tes-chanteurs) privil\u00e9giaient la transmission orale au d\u00e9triment de l\u2019\u00e9criture (qu\u2019ils connaissaient pourtant). Les historiens avancent que c\u2019est vraisemblablement pour des raisons spirituelles et\/ou politiques qu\u2019ils n\u2019ont laiss\u00e9 que peu de traces \u00e9crites. De ce fait, on les connait principalement gr\u00e2ce aux t\u00e9moignages \u00e9crits de leurs contemporains Grecs et Romains ou par des fouilles arch\u00e9ologiques.<\/p>\n<p>&nbsp;<\/p>\n<p>Une origine commune\u00a0des Celtes\u00a0? Plusieurs historiens pensent qu\u2019ils seraient originaires d\u2019Europe centrale, d\u2019une r\u00e9gion qui correspond approximativement \u00e0 la vall\u00e9e du Danube. Les arch\u00e9ologues ont trouv\u00e9 des traces de leur pr\u00e9sence dans cette zone datant de 1200 ans av. J.-C. (culture dite de Hallstatt de 1200 \u00e0 450 av. J.-C.). Cette origine est cependant contest\u00e9e par certains!<\/p>\n<figure id=\"attachment_37032\" aria-describedby=\"caption-attachment-37032\" style=\"width: 445px\" class=\"wp-caption alignright\"><a href=\"https:\/\/www.ouest-france.fr\/leditiondusoir\/2021-12-21\/ces-dix-paysages-sont-les-plus-agreables-a-contempler-selon-la-science-3ffc54d4-ae52-46ad-a12d-ebf90cb94bc4\" target=\"_blank\" rel=\"noopener\"><img loading=\"lazy\" decoding=\"async\" class=\"wp-image-37032 \" src=\"https:\/\/planete-decouverte.fr\/blog\/wp-content\/uploads\/2023\/03\/snowdonia-effd5-300x176.jpg\" alt=\"Paysage de Llyn Lydaw au Pays de Galles\" width=\"445\" height=\"261\" srcset=\"https:\/\/planete-decouverte.fr\/blog\/wp-content\/uploads\/2023\/03\/snowdonia-effd5-300x176.jpg 300w, https:\/\/planete-decouverte.fr\/blog\/wp-content\/uploads\/2023\/03\/snowdonia-effd5.jpg 400w\" sizes=\"auto, (max-width: 445px) 100vw, 445px\" \/><\/a><figcaption id=\"caption-attachment-37032\" class=\"wp-caption-text\">Paysage de Llyn Lydaw au Pays de Galles<\/figcaption><\/figure>\n<p>Aux alentours du Ve si\u00e8cle av. J.-C., ils se sont d\u00e9plac\u00e9s et install\u00e9s dans une grande partie de l\u2019Europe o\u00f9 ils se sont int\u00e9gr\u00e9s pacifiquement aux peuples autochtones. Leur civilisation v\u00e9cut notamment du commerce, gr\u00e2ce aux \u00e9changes commerciaux avec le monde m\u00e9diterran\u00e9en.<\/p>\n<p>Des fouilles ont mis \u00e0 jour des vestiges celtes sur un territoire qui s\u2019\u00e9tend du Nord de la Gr\u00e8ce \u00e0 l\u2019Allemagne, de la mer Noire et de la Turquie \u00e0 l\u2019Irlande, en passant par la France, la Belgique, l\u2019Espagne et la Grande-Bretagne.<\/p>\n<p>&nbsp;<\/p>\n<figure id=\"attachment_37033\" aria-describedby=\"caption-attachment-37033\" style=\"width: 440px\" class=\"wp-caption alignleft\"><a href=\"https:\/\/www.routard.com\/guide\/code_dest\/ecosse.htm\" target=\"_blank\" rel=\"noopener\"><img loading=\"lazy\" decoding=\"async\" class=\"wp-image-37033 \" src=\"https:\/\/planete-decouverte.fr\/blog\/wp-content\/uploads\/2023\/03\/shutterstock_71494165-300x200.jpg\" alt=\"Sligachan Old Bridge en Ecosse !\" width=\"440\" height=\"293\" srcset=\"https:\/\/planete-decouverte.fr\/blog\/wp-content\/uploads\/2023\/03\/shutterstock_71494165-300x200.jpg 300w, https:\/\/planete-decouverte.fr\/blog\/wp-content\/uploads\/2023\/03\/shutterstock_71494165-1024x683.jpg 1024w, https:\/\/planete-decouverte.fr\/blog\/wp-content\/uploads\/2023\/03\/shutterstock_71494165-768x512.jpg 768w, https:\/\/planete-decouverte.fr\/blog\/wp-content\/uploads\/2023\/03\/shutterstock_71494165-1536x1024.jpg 1536w, https:\/\/planete-decouverte.fr\/blog\/wp-content\/uploads\/2023\/03\/shutterstock_71494165-2048x1365.jpg 2048w\" sizes=\"auto, (max-width: 440px) 100vw, 440px\" \/><\/a><figcaption id=\"caption-attachment-37033\" class=\"wp-caption-text\">Sligachan Old Bridge en Ecosse !<\/figcaption><\/figure>\n<p>&nbsp;<\/p>\n<p>Une union des peuples Celtes est un mythe ! ils \u00e9taient une multitude de clans poss\u00e9dant des lois, des coutumes et des rites diff\u00e9rents. Il y a un certain consensus des arch\u00e9ologues sur le fait qu\u2019il y aurait eu \u00ab une aire culturelle celtique \u00bb et non un seul et unique peuple celte. D\u2019ailleurs, ils ne surent jamais s\u2019allier pour constituer un empire et s\u2019opposer aux l\u00e9gions romaines. C\u2019est ainsi que la conqu\u00eate romaine, les soumis et les repoussa jusqu&rsquo;aux extr\u00e9mit\u00e9s de l&rsquo;Europe occidentale.<\/p>\n<p>&nbsp;<\/p>\n<figure id=\"attachment_37036\" aria-describedby=\"caption-attachment-37036\" style=\"width: 476px\" class=\"wp-caption alignright\"><a href=\"https:\/\/www.routard.com\/guide\/code_dest\/irlande.htm\" target=\"_blank\" rel=\"noopener\"><img loading=\"lazy\" decoding=\"async\" class=\"wp-image-37036 \" src=\"https:\/\/planete-decouverte.fr\/blog\/wp-content\/uploads\/2023\/03\/connemara-bc084-1-300x176.jpg\" alt=\"Paysage du Connemara en Irlande\" width=\"476\" height=\"279\" srcset=\"https:\/\/planete-decouverte.fr\/blog\/wp-content\/uploads\/2023\/03\/connemara-bc084-1-300x176.jpg 300w, https:\/\/planete-decouverte.fr\/blog\/wp-content\/uploads\/2023\/03\/connemara-bc084-1.jpg 400w\" sizes=\"auto, (max-width: 476px) 100vw, 476px\" \/><\/a><figcaption id=\"caption-attachment-37036\" class=\"wp-caption-text\">Paysage du Connemara en Irlande<\/figcaption><\/figure>\n<p>&nbsp;<\/p>\n<p>Une langue celtique commune ? La langue dite \u00ab celtique \u00bb est une des langues indo-europ\u00e9ennes (comme le sont \u00e9galement les langues latines ou germaniques). Elle s\u2019est divis\u00e9e en un groupe continental (le celtique original parl\u00e9 de l\u2019\u00e2ge de fer au Haut Moyen \u00c2ge) et en un groupe insulaire qui s\u2019est lui-m\u00eame divis\u00e9 en deux sous-groupes : le brittonique qui comprend le breton, le cornique et le gallois ; ainsi que le ga\u00e9lique qui est constitu\u00e9 de l\u2019irlandais, de l\u2019\u00e9cossais (ou erse) et du mannois (\u00eele de Man).<\/p>\n<p>&nbsp;<\/p>\n<p>De nos jours, des langues celtes (d\u00e9riv\u00e9es directement de l\u2019antique Celte) perdurent et sont toujours vivantes. Elles comptent un peu plus de deux millions de locuteurs, en comptant la \u00ab diaspora \u00bb hors d&rsquo;Europe. Elles sont encore parl\u00e9es en France (le breton), dans les \u00eeles Britanniques (au Pays de Galles, en \u00c9cosse, en Irlande) mais aussi en Am\u00e9rique du Nord &#8230; Cependant, le gaulois, le celtib\u00e8re (ou hispano-celtique), le cornique (Cornouailles) et le mannois sont consid\u00e9r\u00e9s comme des langues mortes, bien que des efforts soient faits pour redonner vie au cornique et au mannois.<\/p>\n<figure id=\"attachment_37034\" aria-describedby=\"caption-attachment-37034\" style=\"width: 436px\" class=\"wp-caption alignleft\"><a href=\"https:\/\/www.routard.com\/guide\/code_dest\/pays_de_galles.htm\" target=\"_blank\" rel=\"noopener\"><img loading=\"lazy\" decoding=\"async\" class=\"wp-image-37034 \" src=\"https:\/\/planete-decouverte.fr\/blog\/wp-content\/uploads\/2023\/03\/pembrokeshire-add8e-300x176.jpg\" alt=\"Pembrokeshire au Pays de Galles\" width=\"436\" height=\"256\" srcset=\"https:\/\/planete-decouverte.fr\/blog\/wp-content\/uploads\/2023\/03\/pembrokeshire-add8e-300x176.jpg 300w, https:\/\/planete-decouverte.fr\/blog\/wp-content\/uploads\/2023\/03\/pembrokeshire-add8e.jpg 400w\" sizes=\"auto, (max-width: 436px) 100vw, 436px\" \/><\/a><figcaption id=\"caption-attachment-37034\" class=\"wp-caption-text\">Pembrokeshire au Pays de Galles<\/figcaption><\/figure>\n<p>Le \u00ab celtisme \u00bb moderne ! Une \u00ab celtomanie \u00bb s\u2019est d\u00e9velopp\u00e9e au XVIIIe si\u00e8cle et au XIXe si\u00e8cle, essentiellement dans les milieux intellectuels &#8211; v\u00e9hicul\u00e9e principalement par la litt\u00e9rature -. Cette pratique perdure encore au XXIe si\u00e8cle.<\/p>\n<p>Ce culte \u00e0 la culture celte a favoris\u00e9 et favorise encore le nationalisme, mais a aussi eu des effets plus fantaisistes et artistiques comme avec la BD \u201c<a href=\"https:\/\/asterix.com\/la-collection\/les-albums\/asterix-le-gaulois\/\" target=\"_blank\" rel=\"noopener\">Ast\u00e9rix le Gaulois<\/a>\u201c de Ren\u00e9 Goscinny et Albert Uderzo, avec les romans de <a href=\"https:\/\/www.babelio.com\/auteur\/Jean-Philippe-Jaworski\/27498\" target=\"_blank\" rel=\"noopener\">Jean-Philippe Jaworski<\/a> \u201cLe Chevalier aux \u00c9pines\u201c ou avec la s\u00e9rie t\u00e9l\u00e9 (devenue un film) \u201c<a href=\"https:\/\/kaamelott.co\/\" target=\"_blank\" rel=\"noopener\">Kaamelott<\/a>\u201c d\u2019Alexandre Astier\u2026<\/p>\n<figure id=\"attachment_37030\" aria-describedby=\"caption-attachment-37030\" style=\"width: 563px\" class=\"wp-caption alignright\"><a href=\"https:\/\/www.moon.com\/travel\/trip-ideas\/the-dark-hedges-game-of-thrones-tours\/\" target=\"_blank\" rel=\"noopener\"><img loading=\"lazy\" decoding=\"async\" class=\"wp-image-37030 \" src=\"https:\/\/planete-decouverte.fr\/blog\/wp-content\/uploads\/2023\/03\/dark-hedges-road-2-300x167.jpg\" alt=\"Dark Hedges (connu sous le nom de Kingsroad dans la s\u00e9rie Game of Thrones)! \" width=\"563\" height=\"313\" srcset=\"https:\/\/planete-decouverte.fr\/blog\/wp-content\/uploads\/2023\/03\/dark-hedges-road-2-300x167.jpg 300w, https:\/\/planete-decouverte.fr\/blog\/wp-content\/uploads\/2023\/03\/dark-hedges-road-2-768x427.jpg 768w, https:\/\/planete-decouverte.fr\/blog\/wp-content\/uploads\/2023\/03\/dark-hedges-road-2.jpg 900w\" sizes=\"auto, (max-width: 563px) 100vw, 563px\" \/><\/a><figcaption id=\"caption-attachment-37030\" class=\"wp-caption-text\">Dark Hedges (connu sous le nom de Kingsroad dans la s\u00e9rie Game of Thrones)!<\/figcaption><\/figure>\n<p>&nbsp;<\/p>\n<p>Le Roi Arthur, Merlin l\u2019enchanteur, les Chevaliers de la Table ronde, la f\u00e9e Morgane, le roi Lear (la liste est longue !) sont des h\u00e9ros l\u00e9gendaires ancr\u00e9s dans l\u2019imaginaire collectif. \u00ab Halloween \u00bb (qui c\u00e9l\u00e9brait \u00e0 l\u2019origine le Nouvel An celte) est toujours f\u00eat\u00e9e, bien s\u00fbr sous des formes \u00e0 la fois plus ludiques et commerciales!<\/p>\n<p>Le \u00ab <a href=\"https:\/\/www.festival-interceltique.bzh\/\">festival interceltique de Lorient\u00a0<\/a>\u00bb fait perdurer \u00e0 travers ses invit\u00e9s le \u00ab celtisme \u00bb et il d\u00e9montre qu\u2019il est toujours bien vivant \u00e0 travers la plan\u00e8te. Des artistes \u00ab celtes \u00bb viennent de Bretagne, d\u2019\u00c9cosse, d\u2019Irlande, du Pays de Galles, de Cornouailles, de l\u2019\u00eele de Man, des Asturies, de Galice, mais aussi par-del\u00e0 les oc\u00e9ans, d\u2019Acadie (Nouveau-Brunswick), d\u2019Argentine, du Chili, de Nouvelle-Z\u00e9lande, de Cuba, du Mexique\u2026<\/p>\n<figure id=\"attachment_37028\" aria-describedby=\"caption-attachment-37028\" style=\"width: 326px\" class=\"wp-caption alignright\"><a href=\"https:\/\/www.history.com\/topics\/st-patricks-day\/st-patricks-day-symbols-and-traditions\" target=\"_blank\" rel=\"noopener\"><img loading=\"lazy\" decoding=\"async\" class=\"wp-image-37028 \" src=\"https:\/\/planete-decouverte.fr\/blog\/wp-content\/uploads\/2023\/03\/shutterstock_2906348-300x199.jpg\" alt=\"D\u00e9fil\u00e9 de la Saint Patrick !\" width=\"326\" height=\"216\" srcset=\"https:\/\/planete-decouverte.fr\/blog\/wp-content\/uploads\/2023\/03\/shutterstock_2906348-300x199.jpg 300w, https:\/\/planete-decouverte.fr\/blog\/wp-content\/uploads\/2023\/03\/shutterstock_2906348-1024x681.jpg 1024w, https:\/\/planete-decouverte.fr\/blog\/wp-content\/uploads\/2023\/03\/shutterstock_2906348-768x511.jpg 768w, https:\/\/planete-decouverte.fr\/blog\/wp-content\/uploads\/2023\/03\/shutterstock_2906348-1536x1021.jpg 1536w, https:\/\/planete-decouverte.fr\/blog\/wp-content\/uploads\/2023\/03\/shutterstock_2906348-2048x1362.jpg 2048w\" sizes=\"auto, (max-width: 326px) 100vw, 326px\" \/><\/a><figcaption id=\"caption-attachment-37028\" class=\"wp-caption-text\">D\u00e9fil\u00e9 de la Saint Patrick !<\/figcaption><\/figure>\n<p>&nbsp;<\/p>\n<p>Sans oublier que le 17 mars, la Saint-Patrick rassemble des millions d\u2019Irlandais et autant, sinon plus, de \u00ab sympathisants occasionnels \u00bb de New York \u00e0 Melbourne en passant par Dublin.<\/p>\n<p>&nbsp;<\/p>\n<p>&nbsp;<\/p>\n<p>&nbsp;<\/p>\n<p>&nbsp;<\/p>\n<figure id=\"attachment_37035\" aria-describedby=\"caption-attachment-37035\" style=\"width: 464px\" class=\"wp-caption alignleft\"><a href=\"https:\/\/planete-decouverte.fr\/-voyage-Ecosse-Pays-Galles-Irlande-\" target=\"_blank\" rel=\"noopener\"><img loading=\"lazy\" decoding=\"async\" class=\"wp-image-37035 \" src=\"https:\/\/planete-decouverte.fr\/blog\/wp-content\/uploads\/2023\/03\/viaduc-glenfinnan-ea6d7-300x176.jpg\" alt=\"Viaduc de Glenfinnan en Ecosse \" width=\"464\" height=\"272\" srcset=\"https:\/\/planete-decouverte.fr\/blog\/wp-content\/uploads\/2023\/03\/viaduc-glenfinnan-ea6d7-300x176.jpg 300w, https:\/\/planete-decouverte.fr\/blog\/wp-content\/uploads\/2023\/03\/viaduc-glenfinnan-ea6d7.jpg 400w\" sizes=\"auto, (max-width: 464px) 100vw, 464px\" \/><\/a><figcaption id=\"caption-attachment-37035\" class=\"wp-caption-text\">Viaduc de Glenfinnan en Ecosse<\/figcaption><\/figure>\n<p>Alors m\u00eame s\u2019il reste de nombreux domaines \u00e0 explorer sur les origines et l\u2019histoire celtes, il est clair que la culture celte est toujours pr\u00e9sente et bien vivante notamment dans les trois pays que nous vous proposons de vous faire d\u00e9couvrir\u00a0: l\u2019\u00c9cosse, le Pays de Galles et l\u2019Irlande\u00a0!<\/p>\n<p>&nbsp;<\/p>\n<p>&nbsp;<\/p>\n<p>&nbsp;<\/p>\n<p>&nbsp;<\/p>\n<p>Pierre<\/p>\n<p>&nbsp;<\/p>\n<p>&nbsp;<\/p>\n","protected":false},"excerpt":{"rendered":"<p>&nbsp; Grand voyage dans les pays celtes! &nbsp; Partir voyager dans les pays celtes est une excellente id\u00e9e et notre circuit \u00ab\u00a0Grand voyage dans les pays celtes\u00a0\u00bb vous le d\u00e9montrera. Mais au fait, c\u2019est quoi un pays celte et c\u2019est quoi \u00eatre Celtes\u00a0? Historiquement, les Celtes sont assez mal connus, car les Druides (classe sacerdotale) [&hellip;]<\/p>\n","protected":false},"author":2,"featured_media":0,"comment_status":"open","ping_status":"open","sticky":false,"template":"","format":"standard","meta":{"footnotes":""},"categories":[127,7,126,125,128],"tags":[],"class_list":["post-37024","post","type-post","status-publish","format-standard","hentry","category-ecosse","category-europe","category-irlande","category-pays-celtes","category-pays-de-galles"],"_links":{"self":[{"href":"https:\/\/planete-decouverte.fr\/blog\/wp-json\/wp\/v2\/posts\/37024","targetHints":{"allow":["GET"]}}],"collection":[{"href":"https:\/\/planete-decouverte.fr\/blog\/wp-json\/wp\/v2\/posts"}],"about":[{"href":"https:\/\/planete-decouverte.fr\/blog\/wp-json\/wp\/v2\/types\/post"}],"author":[{"embeddable":true,"href":"https:\/\/planete-decouverte.fr\/blog\/wp-json\/wp\/v2\/users\/2"}],"replies":[{"embeddable":true,"href":"https:\/\/planete-decouverte.fr\/blog\/wp-json\/wp\/v2\/comments?post=37024"}],"version-history":[{"count":28,"href":"https:\/\/planete-decouverte.fr\/blog\/wp-json\/wp\/v2\/posts\/37024\/revisions"}],"predecessor-version":[{"id":37330,"href":"https:\/\/planete-decouverte.fr\/blog\/wp-json\/wp\/v2\/posts\/37024\/revisions\/37330"}],"wp:attachment":[{"href":"https:\/\/planete-decouverte.fr\/blog\/wp-json\/wp\/v2\/media?parent=37024"}],"wp:term":[{"taxonomy":"category","embeddable":true,"href":"https:\/\/planete-decouverte.fr\/blog\/wp-json\/wp\/v2\/categories?post=37024"},{"taxonomy":"post_tag","embeddable":true,"href":"https:\/\/planete-decouverte.fr\/blog\/wp-json\/wp\/v2\/tags?post=37024"}],"curies":[{"name":"wp","href":"https:\/\/api.w.org\/{rel}","templated":true}]}}